{"id":68769,"date":"2025-10-29T14:56:42","date_gmt":"2025-10-29T13:56:42","guid":{"rendered":"https:\/\/www.gbpsulmierzyce.pl\/?p=68769"},"modified":"2025-11-14T15:10:51","modified_gmt":"2025-11-14T14:10:51","slug":"mala-ksiazka-w-drodze-warsztaty-czytelnicze","status":"publish","type":"post","link":"https:\/\/www.gbpsulmierzyce.pl\/?p=68769","title":{"rendered":"Ma\u0142a ksi\u0105\u017cka w drodze &#8211; warsztaty czytelnicze"},"content":{"rendered":"<p>Nasz\u0105 bibliotek\u0119 odwiedzi\u0142a pani Lucyna Brzezi\u0144ska &#8211; Eluszkiewicz, filolo\u017cka polska, animatorka kultury, biblioterapeutka i terapeutka SI.<!--more--><\/p>\n<p>Podr\u00f3\u017cuje i odwiedza biblioteki w ramach dzia\u0142ania pod nazw\u0105 Ma\u0142a ksi\u0105\u017cka w drodze. Og\u00f3lnopolska Akcja jest organizowana i finansowana przez <span class=\"html-span xdj266r x14z9mp xat24cr x1lziwak xexx8yu xyri2b x18d9i69 x1c1uobl x1hl2dhg x16tdsg8 x1vvkbs\"><a class=\"x1i10hfl xjbqb8w x1ejq31n x18oe1m7 x1sy0etr xstzfhl x972fbf x10w94by x1qhh985 x14e42zd x9f619 x1ypdohk xt0psk2 x3ct3a4 xdj266r x14z9mp xat24cr x1lziwak xexx8yu xyri2b x18d9i69 x1c1uobl x16tdsg8 x1hl2dhg xggy1nq x1a2a7pz xkrqix3 x1sur9pj x1fey0fg x1s688f\" tabindex=\"0\" role=\"link\" href=\"https:\/\/www.facebook.com\/InstytutKsiazki?__cft__[0]=AZUsR-BSNKzY7gUNvl1wefit-56Jwq6r-5EZEQTnk2wGqFle3LsF_uKtNBD5VGr7inj38bV2tlYOUW7aNuzVs-3k0akypi-Mxe2fTHEq5GNcCH7DoV2qAuPtlsKjxaDXUFOUyd2XGVLuW1DwWEwlLTTGdw3bmfOl5IIFaPjU0qxh9g_FWUsdxkNtGPx-dsWsjTo&amp;__tn__=-]K-R\"><span class=\"xt0psk2\"><span class=\"xjp7ctv\">Instytut Ksi\u0105\u017cki<\/span><\/span><\/a><\/span> i jest cz\u0119\u015bci\u0105 projektu <span class=\"html-span xdj266r x14z9mp xat24cr x1lziwak xexx8yu xyri2b x18d9i69 x1c1uobl x1hl2dhg x16tdsg8 x1vvkbs\"><a class=\"x1i10hfl xjbqb8w x1ejq31n x18oe1m7 x1sy0etr xstzfhl x972fbf x10w94by x1qhh985 x14e42zd x9f619 x1ypdohk xt0psk2 x3ct3a4 xdj266r x14z9mp xat24cr x1lziwak xexx8yu xyri2b x18d9i69 x1c1uobl x16tdsg8 x1hl2dhg xggy1nq x1a2a7pz xkrqix3 x1sur9pj x1fey0fg x1s688f\" tabindex=\"0\" role=\"link\" href=\"https:\/\/www.facebook.com\/malaksiazkawielkiczlowiek?__cft__[0]=AZUsR-BSNKzY7gUNvl1wefit-56Jwq6r-5EZEQTnk2wGqFle3LsF_uKtNBD5VGr7inj38bV2tlYOUW7aNuzVs-3k0akypi-Mxe2fTHEq5GNcCH7DoV2qAuPtlsKjxaDXUFOUyd2XGVLuW1DwWEwlLTTGdw3bmfOl5IIFaPjU0qxh9g_FWUsdxkNtGPx-dsWsjTo&amp;__tn__=-]K-R\"><span class=\"xt0psk2\"><span class=\"xjp7ctv\">Ma\u0142a ksi\u0105\u017cka &#8211; wielki cz\u0142owiek<\/span><\/span><\/a><\/span>. Pani Lucyna poprowadzi\u0142a warsztat czytelniczy dla dzieci do 3. roku \u017cycia i ich rodzic\u00f3w. Grupa maluch\u00f3w wraz ze swoimi opiekunami aktywnie wys\u0142uchali wierszyk\u00f3w czytanych przez animatork\u0119 i wspaniale si\u0119 przy tym bawi\u0142y. Na pami\u0105tk\u0119 spotkania dzieci otrzyma\u0142y ksi\u0105\u017ck\u0119 Doroty Gellner pt. Tyci, tyci oraz pi\u0119kne , kolorowe woreczki. Dzi\u0119kujemy za interesuj\u0105ce warsztaty czytelnicze pe\u0142ne dozna\u0144 sensorycznych.<\/p>\n<div class=\"gmedia_gallery amron_module is_bot\" id=\"GmediaGallery_1615\" data-gmid=\"1615\" data-module=\"amron\"><script type=\"text\/javascript\">\n\t(function() {\n\t\tthis['GmediaGallery_1615'] = {\n\t\t\t'settings':{\"collectionThumbRecomendedWidth\":\"260\",\"collectionPreloaderColor\":\"333333\",\"linkTargetWindow\":\"_blank\",\"thumbSpacing\":\"10\",\"tagsFilter\":\"0\",\"tagCloudAll\":\"All\",\"tagCloudTextColor\":\"rgba(0, 0, 0, 1)\",\"tagCloudTextColorOver\":\"rgba(255,255, 255, 1)\",\"tagCloudBgColor\":\"rgba(211, 211, 211, 1)\",\"tagCloudBgColorOver\":\"rgba(11, 11, 11, 1)\",\"collectionThumbHoverColor\":\"rgba(0, 0, 0, .7)\",\"collectionThumbContentBGColor\":\"rgba(245,245,245,1)\",\"collectionThumbTitleShow\":\"0\",\"collectionThumbTitleColor\":\"rgba(0,0,0,1)\",\"collectionThumbFontSize\":\"18\",\"collectionThumbDescriptionShow\":\"1\",\"collectionThumbDescriptionColor\":\"rgba(0,0,0,1)\",\"collectionThumbDescriptionFontSize\":\"15\",\"collectionReadMoreButtonLabel\":\"Read More\",\"collectionReadMoreButtonLabelColor\":\"rgba(255, 255, 255, 1)\",\"collectionReadMoreButtonBGColor\":\"rgba(0, 0, 0, 1)\",\"collectionReadMoreButtonLabelColorHover\":\"rgba(0, 0, 0, 1)\",\"collectionReadMoreButtonBGColorHover\":\"rgba(235,235,235,1)\",\"modaBgColor\":\"rgba(0,0,0,0.9)\",\"modalInfoBoxBgColor\":\"rgba(255,255,255,1)\",\"modalInfoBoxTitleTextColor\":\"000000\",\"modalInfoBoxTextColor\":\"333333\",\"infoBarCountersEnable\":\"0\",\"infoBarDateInfoEnable\":\"0\",\"lightBoxEnable\":\"1\",\"sliderPreloaderColor\":\"ffffff\",\"sliderBgColor\":\"rgba(0,0,0,0.8)\",\"sliderHeaderFooterBgColor\":\"000000\",\"sliderNavigationColor\":\"rgba(0,0,0,1)\",\"sliderNavigationIconColor\":\"rgba(255,255,255,1)\",\"sliderNavigationColorOver\":\"rgba(255,255,255,1)\",\"sliderNavigationIconColorOver\":\"rgba(0,0,0,1)\",\"sliderItemTitleFontSize\":\"24\",\"sliderItemTitleTextColor\":\"ffffff\",\"sliderThumbBarEnable\":\"0\",\"sliderThumbBarHoverColor\":\"ffffff\",\"sliderThumbSubMenuBackgroundColor\":\"rgba(0,0,0,1)\",\"sliderThumbSubMenuBackgroundColorOver\":\"rgba(255,255,255,1)\",\"sliderThumbSubMenuIconColor\":\"rgba(255,255,255,1)\",\"sliderThumbSubMenuIconHoverColor\":\"rgba(0,0,0,1)\",\"sliderInfoEnable\":\"0\",\"sliderItemDownload\":\"0\",\"sliderItemDiscuss\":\"0\",\"sliderSocialShareEnabled\":\"0\",\"sliderLikesEnabled\":\"0\",\"customCSS\":\"\",\"module_url\":\"https:\\\/\\\/www.gbpsulmierzyce.pl\\\/wp-content\\\/plugins\\\/grand-media\\\/module\\\/amron\",\"license\":\"\",\"post_url\":\"https:\\\/\\\/www.gbpsulmierzyce.pl?rest_route=wpv2posts68769\"},\n\t\t\t'appQuery':{\"orderby\":\"ID\",\"order\":\"DESC\",\"album__in\":\"1615\",\"status\":[\"publish\"],\"limit\":100},\n\t\t\t'appApi':\"https:\\\/\\\/www.gbpsulmierzyce.pl\\\/?gmedia-app=1&gmappversion=4&gmmodule=1\",\n\t\t\t'appInfo':{\"name\":\"album 659\",\"description\":\"\"}};\n\t})();\n<\/script>\n<\/div>\n","protected":false},"excerpt":{"rendered":"<p>Nasz\u0105 bibliotek\u0119 odwiedzi\u0142a pani Lucyna Brzezi\u0144ska &#8211; Eluszkiewicz, filolo\u017cka polska, animatorka kultury, biblioterapeutka i terapeutka SI.<\/p>\n","protected":false},"author":1,"featured_media":68771,"comment_status":"closed","ping_status":"closed","sticky":false,"template":"","format":"standard","meta":{"footnotes":""},"categories":[1],"tags":[],"class_list":["post-68769","post","type-post","status-publish","format-standard","has-post-thumbnail","hentry","category-glowna"],"_links":{"self":[{"href":"https:\/\/www.gbpsulmierzyce.pl\/index.php?rest_route=\/wp\/v2\/posts\/68769","targetHints":{"allow":["GET"]}}],"collection":[{"href":"https:\/\/www.gbpsulmierzyce.pl\/index.php?rest_route=\/wp\/v2\/posts"}],"about":[{"href":"https:\/\/www.gbpsulmierzyce.pl\/index.php?rest_route=\/wp\/v2\/types\/post"}],"author":[{"embeddable":true,"href":"https:\/\/www.gbpsulmierzyce.pl\/index.php?rest_route=\/wp\/v2\/users\/1"}],"replies":[{"embeddable":true,"href":"https:\/\/www.gbpsulmierzyce.pl\/index.php?rest_route=%2Fwp%2Fv2%2Fcomments&post=68769"}],"version-history":[{"count":2,"href":"https:\/\/www.gbpsulmierzyce.pl\/index.php?rest_route=\/wp\/v2\/posts\/68769\/revisions"}],"predecessor-version":[{"id":68785,"href":"https:\/\/www.gbpsulmierzyce.pl\/index.php?rest_route=\/wp\/v2\/posts\/68769\/revisions\/68785"}],"wp:featuredmedia":[{"embeddable":true,"href":"https:\/\/www.gbpsulmierzyce.pl\/index.php?rest_route=\/wp\/v2\/media\/68771"}],"wp:attachment":[{"href":"https:\/\/www.gbpsulmierzyce.pl\/index.php?rest_route=%2Fwp%2Fv2%2Fmedia&parent=68769"}],"wp:term":[{"taxonomy":"category","embeddable":true,"href":"https:\/\/www.gbpsulmierzyce.pl\/index.php?rest_route=%2Fwp%2Fv2%2Fcategories&post=68769"},{"taxonomy":"post_tag","embeddable":true,"href":"https:\/\/www.gbpsulmierzyce.pl\/index.php?rest_route=%2Fwp%2Fv2%2Ftags&post=68769"}],"curies":[{"name":"wp","href":"https:\/\/api.w.org\/{rel}","templated":true}]}}