{"id":68447,"date":"2025-10-09T17:39:43","date_gmt":"2025-10-09T16:39:43","guid":{"rendered":"http:\/\/www.gbpsulmierzyce.pl\/?p=68447"},"modified":"2025-10-31T14:45:06","modified_gmt":"2025-10-31T13:45:06","slug":"rozstrzygniecie-powiatowego-konkursu-plastycznego-pt-moja-kropka-pod-patronatem-wojta-gminy-sulmierzyce","status":"publish","type":"post","link":"https:\/\/www.gbpsulmierzyce.pl\/?p=68447","title":{"rendered":"Rozstrzygni\u0119cie Powiatowego Konkursu Plastycznego pt. &#8222;Moja kropka&#8221; pod Patronatem W\u00f3jta Gminy Sulmierzyce"},"content":{"rendered":"<div class=\"xdj266r x14z9mp xat24cr x1lziwak x1vvkbs x126k92a\">\n<div dir=\"auto\">Rozstrzygni\u0119cie Powiatowego Konkursu Plastycznego pt. &#8222;Moja kropka&#8221; pod Patronatem W\u00f3jta Gminy Sulmierzyce.<\/div>\n<\/div>\n<p><!--more--><\/p>\n<div class=\"x14z9mp xat24cr x1lziwak x1vvkbs xtlvy1s x126k92a\">\n<div dir=\"auto\">Jury w sk\u0142adzie:<\/div>\n<div dir=\"auto\">Anna Szyd\u0142owska &#8211; zast\u0119pca w\u00f3jta Gminy Sulmierzyce<\/div>\n<div dir=\"auto\">Iwona Deryngier &#8211; nauczycielka plastyki ze Szko\u0142y Podstawowej w Sulmierzycach<\/div>\n<div dir=\"auto\">Klaudia Herubin &#8211; pedagog, lokalna artystka, w\u0142a\u015bcicielka bloga Zielona Kredka,<\/div>\n<\/div>\n<div class=\"x14z9mp xat24cr x1lziwak x1vvkbs xtlvy1s x126k92a\">\n<div dir=\"auto\">przyzna\u0142o nast\u0119puj\u0105ce miejsca:<\/div>\n<\/div>\n<div class=\"x14z9mp xat24cr x1lziwak x1vvkbs xtlvy1s x126k92a\">\n<div dir=\"auto\">I Maja \u015aciubak, Przedszkole w Makowiskach<\/div>\n<div dir=\"auto\">II Helena Mruszczyk, Przedszkole w Kie\u0142czyg\u0142owie, Filia w Chorzewie<\/div>\n<div dir=\"auto\">III Mateusz Staszczyk, Przedszkole w Bogumi\u0142owicach<\/div>\n<\/div>\n<div class=\"x14z9mp xat24cr x1lziwak x1vvkbs xtlvy1s x126k92a\">\n<div dir=\"auto\">oraz wyr\u00f3\u017cnienia:<\/div>\n<div dir=\"auto\">1. Tymon Kacprzyk, Przedszkole w Bogumi\u0142owicach<\/div>\n<div dir=\"auto\">2. Zofia Bia\u0142ek, Miejskie Przedszkole w Dzia\u0142oszynie<\/div>\n<div dir=\"auto\">3. Wojciech Ewich &#8211; Mroczek, Przedszkole w Kie\u0142czyg\u0142owie, Filia w Chorzewie<\/div>\n<\/div>\n<div class=\"x14z9mp xat24cr x1lziwak x1vvkbs xtlvy1s x126k92a\">\n<div dir=\"auto\">Serdecznie gratulujemy wszystkim nagrodzonym dzieciom!<\/div>\n<div dir=\"auto\"><div class=\"gmedia_gallery amron_module is_bot\" id=\"GmediaGallery_1592\" data-gmid=\"1592\" data-module=\"amron\"><script type=\"text\/javascript\">\n\t(function() {\n\t\tthis['GmediaGallery_1592'] = {\n\t\t\t'settings':{\"collectionThumbRecomendedWidth\":\"260\",\"collectionPreloaderColor\":\"333333\",\"linkTargetWindow\":\"_blank\",\"thumbSpacing\":\"10\",\"tagsFilter\":\"0\",\"tagCloudAll\":\"All\",\"tagCloudTextColor\":\"rgba(0, 0, 0, 1)\",\"tagCloudTextColorOver\":\"rgba(255,255, 255, 1)\",\"tagCloudBgColor\":\"rgba(211, 211, 211, 1)\",\"tagCloudBgColorOver\":\"rgba(11, 11, 11, 1)\",\"collectionThumbHoverColor\":\"rgba(0, 0, 0, .7)\",\"collectionThumbContentBGColor\":\"rgba(245,245,245,1)\",\"collectionThumbTitleShow\":\"0\",\"collectionThumbTitleColor\":\"rgba(0,0,0,1)\",\"collectionThumbFontSize\":\"18\",\"collectionThumbDescriptionShow\":\"1\",\"collectionThumbDescriptionColor\":\"rgba(0,0,0,1)\",\"collectionThumbDescriptionFontSize\":\"15\",\"collectionReadMoreButtonLabel\":\"Read More\",\"collectionReadMoreButtonLabelColor\":\"rgba(255, 255, 255, 1)\",\"collectionReadMoreButtonBGColor\":\"rgba(0, 0, 0, 1)\",\"collectionReadMoreButtonLabelColorHover\":\"rgba(0, 0, 0, 1)\",\"collectionReadMoreButtonBGColorHover\":\"rgba(235,235,235,1)\",\"modaBgColor\":\"rgba(0,0,0,0.9)\",\"modalInfoBoxBgColor\":\"rgba(255,255,255,1)\",\"modalInfoBoxTitleTextColor\":\"000000\",\"modalInfoBoxTextColor\":\"333333\",\"infoBarCountersEnable\":\"0\",\"infoBarDateInfoEnable\":\"0\",\"lightBoxEnable\":\"1\",\"sliderPreloaderColor\":\"ffffff\",\"sliderBgColor\":\"rgba(0,0,0,0.8)\",\"sliderHeaderFooterBgColor\":\"000000\",\"sliderNavigationColor\":\"rgba(0,0,0,1)\",\"sliderNavigationIconColor\":\"rgba(255,255,255,1)\",\"sliderNavigationColorOver\":\"rgba(255,255,255,1)\",\"sliderNavigationIconColorOver\":\"rgba(0,0,0,1)\",\"sliderItemTitleFontSize\":\"24\",\"sliderItemTitleTextColor\":\"ffffff\",\"sliderThumbBarEnable\":\"0\",\"sliderThumbBarHoverColor\":\"ffffff\",\"sliderThumbSubMenuBackgroundColor\":\"rgba(0,0,0,1)\",\"sliderThumbSubMenuBackgroundColorOver\":\"rgba(255,255,255,1)\",\"sliderThumbSubMenuIconColor\":\"rgba(255,255,255,1)\",\"sliderThumbSubMenuIconHoverColor\":\"rgba(0,0,0,1)\",\"sliderInfoEnable\":\"0\",\"sliderItemDownload\":\"0\",\"sliderItemDiscuss\":\"0\",\"sliderSocialShareEnabled\":\"0\",\"sliderLikesEnabled\":\"0\",\"customCSS\":\"\",\"module_url\":\"https:\\\/\\\/www.gbpsulmierzyce.pl\\\/wp-content\\\/plugins\\\/grand-media\\\/module\\\/amron\",\"license\":\"\",\"post_url\":\"https:\\\/\\\/www.gbpsulmierzyce.pl?rest_route=wpv2posts68447\"},\n\t\t\t'appQuery':{\"orderby\":\"ID\",\"order\":\"DESC\",\"album__in\":\"1592\",\"status\":[\"publish\"],\"limit\":100},\n\t\t\t'appApi':\"https:\\\/\\\/www.gbpsulmierzyce.pl\\\/?gmedia-app=1&gmappversion=4&gmmodule=1\",\n\t\t\t'appInfo':{\"name\":\"album636\",\"description\":\"\"}};\n\t})();\n<\/script>\n<\/div><\/div>\n<\/div>\n","protected":false},"excerpt":{"rendered":"<p>Rozstrzygni\u0119cie Powiatowego Konkursu Plastycznego pt. &#8222;Moja kropka&#8221; pod Patronatem W\u00f3jta Gminy Sulmierzyce.<\/p>\n","protected":false},"author":1,"featured_media":68449,"comment_status":"closed","ping_status":"closed","sticky":false,"template":"","format":"standard","meta":{"footnotes":""},"categories":[1],"tags":[],"class_list":["post-68447","post","type-post","status-publish","format-standard","has-post-thumbnail","hentry","category-glowna"],"_links":{"self":[{"href":"https:\/\/www.gbpsulmierzyce.pl\/index.php?rest_route=\/wp\/v2\/posts\/68447","targetHints":{"allow":["GET"]}}],"collection":[{"href":"https:\/\/www.gbpsulmierzyce.pl\/index.php?rest_route=\/wp\/v2\/posts"}],"about":[{"href":"https:\/\/www.gbpsulmierzyce.pl\/index.php?rest_route=\/wp\/v2\/types\/post"}],"author":[{"embeddable":true,"href":"https:\/\/www.gbpsulmierzyce.pl\/index.php?rest_route=\/wp\/v2\/users\/1"}],"replies":[{"embeddable":true,"href":"https:\/\/www.gbpsulmierzyce.pl\/index.php?rest_route=%2Fwp%2Fv2%2Fcomments&post=68447"}],"version-history":[{"count":2,"href":"https:\/\/www.gbpsulmierzyce.pl\/index.php?rest_route=\/wp\/v2\/posts\/68447\/revisions"}],"predecessor-version":[{"id":68473,"href":"https:\/\/www.gbpsulmierzyce.pl\/index.php?rest_route=\/wp\/v2\/posts\/68447\/revisions\/68473"}],"wp:featuredmedia":[{"embeddable":true,"href":"https:\/\/www.gbpsulmierzyce.pl\/index.php?rest_route=\/wp\/v2\/media\/68449"}],"wp:attachment":[{"href":"https:\/\/www.gbpsulmierzyce.pl\/index.php?rest_route=%2Fwp%2Fv2%2Fmedia&parent=68447"}],"wp:term":[{"taxonomy":"category","embeddable":true,"href":"https:\/\/www.gbpsulmierzyce.pl\/index.php?rest_route=%2Fwp%2Fv2%2Fcategories&post=68447"},{"taxonomy":"post_tag","embeddable":true,"href":"https:\/\/www.gbpsulmierzyce.pl\/index.php?rest_route=%2Fwp%2Fv2%2Ftags&post=68447"}],"curies":[{"name":"wp","href":"https:\/\/api.w.org\/{rel}","templated":true}]}}