{"id":64269,"date":"2025-02-05T15:45:35","date_gmt":"2025-02-05T14:45:35","guid":{"rendered":"https:\/\/www.gbpsulmierzyce.pl\/?p=64269"},"modified":"2025-02-05T15:45:35","modified_gmt":"2025-02-05T14:45:35","slug":"ocalic-od-zapomnienia-91","status":"publish","type":"post","link":"https:\/\/www.gbpsulmierzyce.pl\/?p=64269","title":{"rendered":"Ocali\u0107 od zapomnienia"},"content":{"rendered":"<p>28.04.1918. Grupa \u015bpiewak\u00f3w ch\u00f3ru ko\u015bcielnego w Sulmierzycach. Na zdj\u0119ciu, mi\u0119dzy innymi, ksi\u0105dz kanonik Klemens Smoczy\u0144ski, proboszcz parafii Sulmierzyce w latach 1904-1918 oraz Lucjan Kwa\u015bniewski, syn tutejszego organisty, za\u0142o\u017cyciel Polskiej Organizacji Wojskowej w Sulmierzycach  i nauczyciel Szko\u0142y w Woli Wydrzynie.<!--more--><\/p>\n<p>Fotografia pochodzi ze zbior\u00f3w rodziny Retkiewicz\u00f3w.<br \/>\n<div id=\"attachment_64271\" style=\"width: 1015px\" class=\"wp-caption aligncenter\"><a href=\"http:\/\/www.gbpsulmierzyce.pl\/wp-content\/uploads\/2025\/02\/Zdjecie-z-1918-r.-Grupa-spiewakow-choru-koscielnego-w-Sulmierzycach.jpg\"><img loading=\"lazy\" decoding=\"async\" aria-describedby=\"caption-attachment-64271\" src=\"http:\/\/www.gbpsulmierzyce.pl\/wp-content\/uploads\/2025\/02\/Zdjecie-z-1918-r.-Grupa-spiewakow-choru-koscielnego-w-Sulmierzycach.jpg\" alt=\"\" width=\"1005\" height=\"600\" class=\"size-full wp-image-64271\" srcset=\"https:\/\/www.gbpsulmierzyce.pl\/wp-content\/uploads\/2025\/02\/Zdjecie-z-1918-r.-Grupa-spiewakow-choru-koscielnego-w-Sulmierzycach.jpg 1005w, https:\/\/www.gbpsulmierzyce.pl\/wp-content\/uploads\/2025\/02\/Zdjecie-z-1918-r.-Grupa-spiewakow-choru-koscielnego-w-Sulmierzycach-300x179.jpg 300w, https:\/\/www.gbpsulmierzyce.pl\/wp-content\/uploads\/2025\/02\/Zdjecie-z-1918-r.-Grupa-spiewakow-choru-koscielnego-w-Sulmierzycach-768x459.jpg 768w\" sizes=\"auto, (max-width: 1005px) 100vw, 1005px\" \/><\/a><p id=\"caption-attachment-64271\" class=\"wp-caption-text\">Zdj\u0119cie z 1918 r. Grupa \u015bpiewak\u00f3w ch\u00f3ru ko\u015bcielnego w Sulmierzycach.<\/p><\/div><\/p>\n","protected":false},"excerpt":{"rendered":"<p>28.04.1918. Grupa \u015bpiewak\u00f3w ch\u00f3ru ko\u015bcielnego w Sulmierzycach. Na zdj\u0119ciu, mi\u0119dzy innymi, ksi\u0105dz kanonik Klemens Smoczy\u0144ski, proboszcz parafii Sulmierzyce w latach&#8230; <a href=\"https:\/\/www.gbpsulmierzyce.pl\/?p=64269\">Czytaj dalej &raquo;<\/a><\/p>\n","protected":false},"author":1,"featured_media":64271,"comment_status":"closed","ping_status":"closed","sticky":false,"template":"","format":"standard","meta":{"footnotes":""},"categories":[1],"tags":[],"class_list":["post-64269","post","type-post","status-publish","format-standard","has-post-thumbnail","hentry","category-glowna"],"_links":{"self":[{"href":"https:\/\/www.gbpsulmierzyce.pl\/index.php?rest_route=\/wp\/v2\/posts\/64269","targetHints":{"allow":["GET"]}}],"collection":[{"href":"https:\/\/www.gbpsulmierzyce.pl\/index.php?rest_route=\/wp\/v2\/posts"}],"about":[{"href":"https:\/\/www.gbpsulmierzyce.pl\/index.php?rest_route=\/wp\/v2\/types\/post"}],"author":[{"embeddable":true,"href":"https:\/\/www.gbpsulmierzyce.pl\/index.php?rest_route=\/wp\/v2\/users\/1"}],"replies":[{"embeddable":true,"href":"https:\/\/www.gbpsulmierzyce.pl\/index.php?rest_route=%2Fwp%2Fv2%2Fcomments&post=64269"}],"version-history":[{"count":2,"href":"https:\/\/www.gbpsulmierzyce.pl\/index.php?rest_route=\/wp\/v2\/posts\/64269\/revisions"}],"predecessor-version":[{"id":64272,"href":"https:\/\/www.gbpsulmierzyce.pl\/index.php?rest_route=\/wp\/v2\/posts\/64269\/revisions\/64272"}],"wp:featuredmedia":[{"embeddable":true,"href":"https:\/\/www.gbpsulmierzyce.pl\/index.php?rest_route=\/wp\/v2\/media\/64271"}],"wp:attachment":[{"href":"https:\/\/www.gbpsulmierzyce.pl\/index.php?rest_route=%2Fwp%2Fv2%2Fmedia&parent=64269"}],"wp:term":[{"taxonomy":"category","embeddable":true,"href":"https:\/\/www.gbpsulmierzyce.pl\/index.php?rest_route=%2Fwp%2Fv2%2Fcategories&post=64269"},{"taxonomy":"post_tag","embeddable":true,"href":"https:\/\/www.gbpsulmierzyce.pl\/index.php?rest_route=%2Fwp%2Fv2%2Ftags&post=64269"}],"curies":[{"name":"wp","href":"https:\/\/api.w.org\/{rel}","templated":true}]}}